{"id":918,"date":"2025-02-23T17:56:40","date_gmt":"2025-02-23T16:56:40","guid":{"rendered":"https:\/\/tissagelibertaire.fr\/?p=918"},"modified":"2025-02-23T18:02:14","modified_gmt":"2025-02-23T17:02:14","slug":"vers-une-economie-des-bibliotheques","status":"publish","type":"post","link":"https:\/\/tissagelibertaire.fr\/index.php\/2025\/02\/23\/vers-une-economie-des-bibliotheques\/","title":{"rendered":"Vers une \u00e9conomie des biblioth\u00e8ques"},"content":{"rendered":"\n<p>Dans un monde capitaliste o\u00f9 la propri\u00e9t\u00e9 priv\u00e9e est souvent synonyme d\u2019accumulation et d\u2019in\u00e9galit\u00e9s, il existe pourtant une fen\u00eatre d&rsquo;alternatives possibles pour repenser une soci\u00e9t\u00e9 plus \u00e9galitaire et \u00e9cologique. Parmi ces alternatives, il y en a une qui existe pourtant d\u00e9j\u00e0 : <strong>l&rsquo;\u00e9cosyst\u00e8me des biblioth\u00e8ques<\/strong>. Inspir\u00e9e des pratiques communautaires et des id\u00e9es anarchistes de mutualisation, elle repose sur un principe simple : partager au lieu de poss\u00e9der. Dans nos soci\u00e9t\u00e9s actuelles il s&rsquo;agit principalement de livres et de biens culturels comme des jeux de soci\u00e9t\u00e9s, films et musique.<\/p>\n\n\n\n<p>Et si on \u00e9tendait le principe au del\u00e0 des livres et de la culture ? Et si on l&rsquo;\u00e9tendait en fait au maximum de choses possibles ?<br><em><br>Cet article est une adaptation et un r\u00e9sum\u00e9 en fran\u00e7ais de la vid\u00e9o d&rsquo;Andrewism \u00ab\u00a0The Library of everything\u00a0\u00bb. Si vous n&rsquo;avez pas de probl\u00e8me avec l&rsquo;anglais, je vous conseille de la regarder \u00e0 la place de lire ce qui suit \ud83d\ude42<\/em><\/p>\n\n\n\n<div style=\"height:20px\" aria-hidden=\"true\" class=\"wp-block-spacer\"><\/div>\n\n\n\n<figure class=\"wp-block-embed is-type-video is-provider-youtube wp-block-embed-youtube wp-embed-aspect-16-9 wp-has-aspect-ratio\"><div class=\"wp-block-embed__wrapper\">\n<iframe loading=\"lazy\" title=\"What If We Ran The Economy?\" width=\"500\" height=\"281\" src=\"https:\/\/www.youtube.com\/embed\/vW5EVNT--DA?feature=oembed\" frameborder=\"0\" allow=\"accelerometer; autoplay; clipboard-write; encrypted-media; gyroscope; picture-in-picture; web-share\" referrerpolicy=\"strict-origin-when-cross-origin\" allowfullscreen><\/iframe>\n<\/div><\/figure>\n\n\n\n<div style=\"height:20px\" aria-hidden=\"true\" class=\"wp-block-spacer\"><\/div>\n\n\n\n<h3 class=\"wp-block-heading\"><strong>\ud83d\udcda Usufruit, Possession et Occupation : Trois mani\u00e8res d\u2019utiliser les biens<\/strong><\/h3>\n\n\n\n<div style=\"height:20px\" aria-hidden=\"true\" class=\"wp-block-spacer\"><\/div>\n\n\n\n<h5 class=\"wp-block-heading\">Le Probl\u00e8me : La Surconsommation et l\u2019Accumulation<\/h5>\n\n\n\n<p>Nous achetons de nombreux objets que nous utilisons rarement : perceuses, tentes, jeux de soci\u00e9t\u00e9, outils de bricolage, etc. Ces achats individuels ont un co\u00fbt financier et environnemental \u00e9lev\u00e9, tout en encombrant nos espaces de vie. C&rsquo;est aussi un probl\u00e8me social : tout le monde n&rsquo;a pas les m\u00eames moyens, et donc ne peut avoir acc\u00e8s aux m\u00eames objets.<\/p>\n\n\n\n<h5 class=\"wp-block-heading\">La Solution : Le Partage des Ressources<\/h5>\n\n\n\n<p>Dans un \u00e9cosyst\u00e8me de biblioth\u00e8ques, les objets ne sont pas simplement poss\u00e9d\u00e9s, ils sont partag\u00e9s selon trois modes d\u2019usage :<\/p>\n\n\n\n<ul class=\"wp-block-list\">\n<li><strong>Usufruit \ud83c\udf31<\/strong>\u00a0: utiliser un bien sans le poss\u00e9der, comme emprunter un livre ou un outil.<\/li>\n\n\n\n<li><strong>Possession \ud83d\udcbc<\/strong>\u00a0: garder un bien pendant une dur\u00e9e d\u00e9termin\u00e9e, par exemple un appartement en r\u00e9sidence artistique.<\/li>\n\n\n\n<li><strong>Occupation \ud83c\udfe0<\/strong>\u00a0: utiliser un espace temporairement, comme r\u00e9server une salle pour un \u00e9v\u00e9nement.<\/li>\n<\/ul>\n\n\n\n<p>Les objets et espaces sont ainsi mis \u00e0 disposition de fa\u00e7on collective, selon les besoins et les usages. Il s&rsquo;agit de mutualiser des objets peu utilis\u00e9s pour les rendre accessibles \u00e0 tous et toutes. Plut\u00f4t que d\u2019acheter une perceuse pour un usage occasionnel, pourquoi ne pas en emprunter une, comme on le ferait avec un livre ?<\/p>\n\n\n\n<div style=\"height:20px\" aria-hidden=\"true\" class=\"wp-block-spacer\"><\/div>\n\n\n\n<h3 class=\"wp-block-heading\"><strong>\ud83d\udcc6 Quand et comment utiliser les biens et espaces ?<\/strong><\/h3>\n\n\n\n<div style=\"height:20px\" aria-hidden=\"true\" class=\"wp-block-spacer\"><\/div>\n\n\n\n<p>L\u2019acc\u00e8s aux ressources peut varier en fonction de leur demande et de leur fr\u00e9quence d\u2019usage :<\/p>\n\n\n\n<ul class=\"wp-block-list\">\n<li><strong>Usage unique \ud83d\udc57<\/strong>\u00a0: une robe de soir\u00e9e, un costume de mariage\u2026<\/li>\n\n\n\n<li><strong>Usage quotidien \ud83d\udc5f<\/strong>\u00a0: des v\u00eatements, des outils de cuisine\u2026<\/li>\n\n\n\n<li><strong>Usage occasionnel \u231a<\/strong>\u00a0: une perceuse, un projecteur, une tente de camping, un lieu de f\u00eate, \u2026<\/li>\n\n\n\n<li><strong>Acc\u00e8s imm\u00e9diat ou sur r\u00e9servation \ud83d\udcc5<\/strong>\u00a0: selon la raret\u00e9 et la demande, certains objets peuvent \u00eatre pris librement, d\u2019autres doivent \u00eatre pr\u00e9vus \u00e0 l\u2019avance.<\/li>\n<\/ul>\n\n\n\n<p>Dans une telle organisation, la notion de&nbsp;<strong>temps d\u2019usage<\/strong>&nbsp;devient essentielle : pr\u00eater un v\u00e9hicule pour un week-end, partager un atelier sur plusieurs mois, ou encore laisser un objet circuler librement.<\/p>\n\n\n\n<div style=\"height:20px\" aria-hidden=\"true\" class=\"wp-block-spacer\"><\/div>\n\n\n\n<h3 class=\"wp-block-heading\"><strong>\ud83d\udcdd Une alternative \u00e0 \u00ab\u00a0Vous ne poss\u00e9derez rien et vous serez heureux\u00a0\u00bb ?<\/strong><\/h3>\n\n\n\n<div style=\"height:20px\" aria-hidden=\"true\" class=\"wp-block-spacer\"><\/div>\n\n\n\n<p>Certaines critiques comparent cette vision \u00e0 une dystopie capitaliste dans laquelle tout serait en location perp\u00e9tuelle. Cette peur est aliment\u00e9e par des mod\u00e8les de type \u00ab\u00a0Software as a Service\u00a0\u00bb (comme la suite Creative d&rsquo;Adobe) o\u00f9 l\u2019acc\u00e8s \u00e0 l\u2019usage est conditionn\u00e9 par des abonnements.<\/p>\n\n\n\n<p>Mais ici,\u00a0<strong>il ne s\u2019agit pas de privatiser l\u2019acc\u00e8s aux ressources, mais de collectiviser leur usage<\/strong>. Plut\u00f4t que d\u2019\u00eatre prisonniers de la propri\u00e9t\u00e9 corporatiste, nous deviendrions collectivement responsables de nos outils et de nos lieux de vie. Il est aussi important de noter que dans un \u00e9cosyst\u00e8me de biblioth\u00e8ques, on \u00e9vacue au maximum la composante mon\u00e9taire.<\/p>\n\n\n\n<div style=\"height:20px\" aria-hidden=\"true\" class=\"wp-block-spacer\"><\/div>\n\n\n\n<h3 class=\"wp-block-heading\"><strong>\ud83e\udd1d Une organisation bas\u00e9e sur la confiance et l&rsquo;autogestion<\/strong><\/h3>\n\n\n\n<div style=\"height:20px\" aria-hidden=\"true\" class=\"wp-block-spacer\"><\/div>\n\n\n\n<p>\u00c9videmment, cela pose des questions pratiques : que se passe-t-il si un objet est endommag\u00e9 ou perdu ? Si quelqu\u2019un abuse du syst\u00e8me ? Plut\u00f4t que d\u2019imposer des r\u00e8gles rigides et punitives, l\u2019autogestion et la r\u00e9solution des conflits au cas par cas sont privil\u00e9gi\u00e9es.<\/p>\n\n\n\n<p><strong>Des pistes possibles :<\/strong><\/p>\n\n\n\n<ul class=\"wp-block-list\">\n<li>\ud83d\udcc3 Entretien et r\u00e9paration collective des objets<\/li>\n\n\n\n<li>\ud83d\udee0\ufe0f Encourager la responsabilit\u00e9 partag\u00e9e plut\u00f4t que la sanction<\/li>\n\n\n\n<li>\u23f0 Syst\u00e8me de rappels pour le retour des objets plut\u00f4t que des amendes<\/li>\n<\/ul>\n\n\n\n<p>Les biblioth\u00e8ques publiques ont d\u00e9j\u00e0 commenc\u00e9 \u00e0 supprimer les frais de retard car ils freinent l\u2019acc\u00e8s aux livres. Pourquoi ne pas appliquer cette logique \u00e0 d\u2019autres biens essentiels ?<\/p>\n\n\n\n<div style=\"height:20px\" aria-hidden=\"true\" class=\"wp-block-spacer\"><\/div>\n\n\n\n<h3 class=\"wp-block-heading\"><strong>\ud83c\udf0d D\u00e9passer l\u2019argument de la \u00ab\u00a0nature humaine\u00a0\u00bb<\/strong><\/h3>\n\n\n\n<div style=\"height:20px\" aria-hidden=\"true\" class=\"wp-block-spacer\"><\/div>\n\n\n\n<p>Un autre frein souvent \u00e9voqu\u00e9 est celui de la \u00ab\u00a0nature humaine\u00a0\u00bb, pr\u00e9tendument individualiste et opportuniste. On r\u00e9torquerait qu&rsquo;un tel syst\u00e8me est impossible \u00e0 maintenir \u00e0 grande \u00e9chelle car tout le monde en abuserait. Pourtant,\u00a0<strong>l\u2019histoire et l\u2019anthropologie montrent que nos comportements sont largement d\u00e9termin\u00e9s par notre environnement social<\/strong>.<\/p>\n\n\n\n<p>Nous avons la capacit\u00e9 d\u2019organiser nos soci\u00e9t\u00e9s de fa\u00e7on horizontale et solidaire. L\u2019anarchisme nous rappelle que&nbsp;<strong>la libert\u00e9 s\u2019exerce dans la coop\u00e9ration, pas dans la comp\u00e9tition impos\u00e9e<\/strong>.<\/p>\n\n\n\n<p>Alors effectivement, cr\u00e9er un \u00e9cosyst\u00e8me de biblioth\u00e8ques dans notre monde capitaliste n&rsquo;est pas qu&rsquo;un simple travail mat\u00e9riel. <strong>C&rsquo;est aussi et surtout un travail de changement des mentalit\u00e9s<\/strong>, qui doit passer entre autres par l&rsquo;\u00e9ducation populaire et par une conscientisation de nos responsabilit\u00e9s individuelles, afin de garantir en r\u00e9alit\u00e9 le bon fonctionnement de chaque organisation libertaire.<\/p>\n\n\n\n<div style=\"height:20px\" aria-hidden=\"true\" class=\"wp-block-spacer\"><\/div>\n\n\n\n<h3 class=\"wp-block-heading\"><strong>\ud83c\udf1f Pr\u00e9figuration et construction du monde de demain<\/strong><\/h3>\n\n\n\n<div style=\"height:20px\" aria-hidden=\"true\" class=\"wp-block-spacer\"><\/div>\n\n\n\n<p>Inspir\u00e9e par les id\u00e9es de <strong>David Graeber<\/strong>, l&rsquo;\u00e9cosyst\u00e8me des biblioth\u00e8ques s\u2019inscrit dans une d\u00e9marche\u00a0<strong>pr\u00e9figurative<\/strong>\u00a0: construire, d\u00e8s aujourd\u2019hui, les alternatives qui feront s\u2019effondrer le capitalisme en le rendant obsol\u00e8te.<\/p>\n\n\n\n<p>Loin d\u2019\u00eatre une utopie abstraite, ce mod\u00e8le repose sur des initiatives concr\u00e8tes et peut s&rsquo;\u00e9tendre \u00e0 bien des choses :<\/p>\n\n\n\n<ul class=\"wp-block-list\">\n<li>\ud83d\udcaa Cr\u00e9ation de biblioth\u00e8ques d\u2019outils, de v\u00eatements, d\u2019objets du quotidien<\/li>\n\n\n\n<li>\ud83d\udc68\u200d\ud83c\udf3e Mise en place de communs alimentaires, espaces partag\u00e9s de production<\/li>\n\n\n\n<li>\ud83c\udfe1 Organisation d\u2019habitat collectif et de structures d\u2019entraide<\/li>\n<\/ul>\n\n\n\n<p>Plut\u00f4t qu\u2019un \u00ab\u00a0syst\u00e8me unique\u00a0\u00bb, il s\u2019agit de&nbsp;<strong>multiples exp\u00e9rimentations qui se renforcent mutuellement<\/strong>.<\/p>\n\n\n\n<div style=\"height:20px\" aria-hidden=\"true\" class=\"wp-block-spacer\"><\/div>\n\n\n\n<h3 class=\"wp-block-heading\"><strong>\ud83d\udcaa Comment Commencer ?<\/strong><\/h3>\n\n\n\n<div style=\"height:20px\" aria-hidden=\"true\" class=\"wp-block-spacer\"><\/div>\n\n\n\n<p>La mise en place d\u2019un \u00e9cosyst\u00e8me de biblioth\u00e8ques commence \u00e0 petite \u00e9chelle :<\/p>\n\n\n\n<ul class=\"wp-block-list\">\n<li>\ud83d\udc65 Se regrouper entre voisins, ami\u00b7es, collectifs<\/li>\n\n\n\n<li>\ud83d\udee0\ufe0f Partager et entretenir ensemble des outils, des ressources<\/li>\n\n\n\n<li>\ud83c\udfe2 Trouver un lieu accessible pour stocker et organiser<\/li>\n\n\n\n<li>\ud83d\udcda \u00c9tablir des modalit\u00e9s simples d\u2019usage et de retour<\/li>\n<\/ul>\n\n\n\n<p><strong>Les structures naissantes doivent \u00eatre li\u00e9es aux luttes sociales existantes<\/strong>, car sans confrontation au capitalisme, elles risquent de se r\u00e9duire \u00e0 de simples initiatives caritatives sans impact profond.<\/p>\n\n\n\n<p>Diff\u00e9rents mod\u00e8les existent selon les besoins locaux, et une biblioth\u00e8que peut tr\u00e8s bien se sp\u00e9cialiser dans diff\u00e9rents domaines :<\/p>\n\n\n\n<ul class=\"wp-block-list\">\n<li>\ud83d\udee0\u00a0<strong>Outilth\u00e8ques<\/strong>\u00a0(partage d\u2019outils de bricolage).<\/li>\n\n\n\n<li>\ud83c\udfad\u00a0<strong>Costume-th\u00e8ques<\/strong>\u00a0(pr\u00eat de v\u00eatements pour \u00e9v\u00e9nements).<\/li>\n\n\n\n<li>\ud83c\udf7d\u00a0<strong>Vaisselleries<\/strong>\u00a0(vaisselle mutualis\u00e9e pour les repas collectifs).<\/li>\n\n\n\n<li>\ud83d\udcda\u00a0<strong>M\u00e9diath\u00e8ques alternatives<\/strong>\u00a0(livres, films, savoirs libres).<\/li>\n<\/ul>\n\n\n\n<p>\ud83d\udcac\u00a0<strong>Question \u00e0 se poser : Quel type de biblioth\u00e8que aimeriez-vous voir dans votre ville et quel besoin local peut elle remplir ?<\/strong><\/p>\n\n\n\n<div style=\"height:20px\" aria-hidden=\"true\" class=\"wp-block-spacer\"><\/div>\n\n\n\n<h3 class=\"wp-block-heading\"><strong>\u270a Une \u00e9conomie au service de l\u2019\u00e9mancipation<\/strong><\/h3>\n\n\n\n<div style=\"height:20px\" aria-hidden=\"true\" class=\"wp-block-spacer\"><\/div>\n\n\n\n<p>Loin d\u2019\u00eatre une simple \u00ab\u00a0solution pratique\u00a0\u00bb, l\u2019\u00e9conomie de la biblioth\u00e8que porte en elle&nbsp;<strong>une critique radicale du capitalisme<\/strong>&nbsp;et une proposition pour un monde plus libre et solidaire. Elle repose sur la&nbsp;<strong>coop\u00e9ration, l\u2019autogestion et la r\u00e9ciprocit\u00e9<\/strong>, des valeurs ch\u00e8res aux luttes anarchistes et libertaires. \ud83c\udf0d\ud83d\udd25<\/p>\n\n\n\n<p>Nous avons d\u00e9j\u00e0 tout ce qu\u2019il faut pour b\u00e2tir un monde sans exploitation. Il ne tient qu\u2019\u00e0 nous d\u2019inventer les formes concr\u00e8tes de son av\u00e8nement.\u00a0<\/p>\n","protected":false},"excerpt":{"rendered":"<p>Dans un monde capitaliste o\u00f9 la propri\u00e9t\u00e9 priv\u00e9e est souvent synonyme d\u2019accumulation et d\u2019in\u00e9galit\u00e9s, il existe pourtant une fen\u00eatre d&rsquo;alternatives possibles pour repenser une soci\u00e9t\u00e9 plus \u00e9galitaire et \u00e9cologique. Parmi ces alternatives, il y en a une qui existe pourtant d\u00e9j\u00e0 : l&rsquo;\u00e9cosyst\u00e8me des biblioth\u00e8ques. Inspir\u00e9e des pratiques communautaires et des id\u00e9es anarchistes de mutualisation, [&hellip;]<\/p>\n","protected":false},"author":1,"featured_media":0,"comment_status":"open","ping_status":"open","sticky":false,"template":"","format":"standard","meta":{"inline_featured_image":false,"footnotes":""},"categories":[1],"tags":[],"class_list":["post-918","post","type-post","status-publish","format-standard","hentry","category-non-classe"],"_links":{"self":[{"href":"https:\/\/tissagelibertaire.fr\/index.php\/wp-json\/wp\/v2\/posts\/918","targetHints":{"allow":["GET"]}}],"collection":[{"href":"https:\/\/tissagelibertaire.fr\/index.php\/wp-json\/wp\/v2\/posts"}],"about":[{"href":"https:\/\/tissagelibertaire.fr\/index.php\/wp-json\/wp\/v2\/types\/post"}],"author":[{"embeddable":true,"href":"https:\/\/tissagelibertaire.fr\/index.php\/wp-json\/wp\/v2\/users\/1"}],"replies":[{"embeddable":true,"href":"https:\/\/tissagelibertaire.fr\/index.php\/wp-json\/wp\/v2\/comments?post=918"}],"version-history":[{"count":29,"href":"https:\/\/tissagelibertaire.fr\/index.php\/wp-json\/wp\/v2\/posts\/918\/revisions"}],"predecessor-version":[{"id":947,"href":"https:\/\/tissagelibertaire.fr\/index.php\/wp-json\/wp\/v2\/posts\/918\/revisions\/947"}],"wp:attachment":[{"href":"https:\/\/tissagelibertaire.fr\/index.php\/wp-json\/wp\/v2\/media?parent=918"}],"wp:term":[{"taxonomy":"category","embeddable":true,"href":"https:\/\/tissagelibertaire.fr\/index.php\/wp-json\/wp\/v2\/categories?post=918"},{"taxonomy":"post_tag","embeddable":true,"href":"https:\/\/tissagelibertaire.fr\/index.php\/wp-json\/wp\/v2\/tags?post=918"}],"curies":[{"name":"wp","href":"https:\/\/api.w.org\/{rel}","templated":true}]}}